{"id":1230,"date":"2018-10-29T13:54:00","date_gmt":"2018-10-29T13:54:00","guid":{"rendered":"https:\/\/www.peterlang.com\/?p=1230"},"modified":"2021-07-27T13:54:50","modified_gmt":"2021-07-27T12:54:50","slug":"peter-lang-startet-neue-open-access-buchreihe","status":"publish","type":"post","link":"https:\/\/www.peterlang.com\/de\/peter-lang-startet-neue-open-access-buchreihe\/","title":{"rendered":"Peter Lang startet neue Open-Access-Buchreihe"},"content":{"rendered":"\n<p>Die Verlagsgruppe Peter Lang baut ihr Open-Access-Programm mit einer neuen Buchreihe weiter aus:&nbsp;<a href=\"https:\/\/www.peterlang.com\/view\/serial\/IMOD\">Images of Disability. Literature, Scenic, Visual, and Virtual Arts \/ Im\u00e1genes de la diversidad funcional. Literatura, artes esc\u00e9nicas, visuales y virtuales<\/a>&nbsp;untersucht kulturelle Repr\u00e4sentationen von Behinderung und die Art und Weise, wie sich deren Darstellung ver\u00e4ndert hat. Die von Prof. Susanne Hartwig (Universit\u00e4t Passau, Deutschland) und Prof. Julio Enrique Checa Puerta (Universit\u00e4t Carlos III, Madrid, Spanien) herausgegebene Reihe umfasst Sammelb\u00e4nde und Monografien in Spanisch, Englisch und Deutsch. Alle B\u00e4nde unterliegen demselben Peer-Review-Verfahren wie traditionell angebotene B\u00fccher der Verlagsgruppe. Sie werden online in Gold Open Access mit einer CC BY-Lizenz ver\u00f6ffentlicht und sind \u00fcber die Peter-Lang-Webseite und die OAPEN-Bibliothek frei zug\u00e4nglich.&nbsp;<a href=\"https:\/\/www.peterlang.com\/fileasset\/Press%20Releases\/Press%20Releases%202018\/Images-of-Disability_Peter-Lang-startet-neue-Open-Access-Buchreihe.pdf\">Mehr Informationen<\/a>.<\/p>\n\n\n\n<p>Hintergrundinformationen zu der Serie finden sich in diesem Video von Peter Lang Open und Latest Thinking (in englischer Sprache):&nbsp;<a href=\"https:\/\/lt.org\/publication\/how-disability-portrayed-contemporary-culture\">https:\/\/lt.org\/publication\/how-disability-portrayed-contemporary-culture<\/a>&nbsp;<\/p>\n\n\n\n<p>Um ein Manuskript zur Pr\u00fcfung einzureichen, wenden Sie sich an Dr. Benjamin Kloss, Senior Commissioning Editor bei Peter Lang:&nbsp;<a href=\"mailto:b.kloss@peterlang.com\">b.kloss@peterlang.com<\/a><\/p>\n","protected":false},"excerpt":{"rendered":"<p>Die Verlagsgruppe Peter Lang baut ihr Open-Access-Programm mit einer neuen Buchreihe weiter aus:&nbsp;Images of Disability. Literature, Scenic, Visual, and Virtual Arts \/ Im\u00e1genes de la diversidad funcional. Literatura, artes esc\u00e9nicas, visuales y virtuales&nbsp;untersucht kulturelle Repr\u00e4sentationen von Behinderung und die Art und Weise, wie sich deren Darstellung ver\u00e4ndert hat. Die von Prof. Susanne Hartwig (Universit\u00e4t Passau, [&hellip;]<\/p>\n","protected":false},"author":1,"featured_media":0,"comment_status":"open","ping_status":"open","sticky":false,"template":"","format":"standard","meta":{"_acf_changed":false,"content-type":"","footnotes":""},"category":[],"tags":[],"topic":[],"language":[],"class_list":["post-1230","post","type-post","status-publish","format-standard","hentry"],"acf":[],"yoast_head":"<!-- This site is optimized with the Yoast SEO Premium plugin v24.6 (Yoast SEO v24.9) - https:\/\/yoast.com\/wordpress\/plugins\/seo\/ -->\n<title>Peter Lang startet neue Open-Access-Buchreihe - Peter Lang<\/title>\n<meta name=\"robots\" content=\"index, follow, max-snippet:-1, max-image-preview:large, max-video-preview:-1\" \/>\n<link rel=\"canonical\" href=\"https:\/\/www.peterlang.com\/peter-lang-launches-new-open-access-book-series\/\" \/>\n<meta property=\"og:locale\" content=\"de_DE\" \/>\n<meta property=\"og:type\" content=\"article\" \/>\n<meta property=\"og:title\" content=\"Peter Lang startet neue Open-Access-Buchreihe\" \/>\n<meta property=\"og:description\" content=\"Die Verlagsgruppe Peter Lang baut ihr Open-Access-Programm mit einer neuen Buchreihe weiter aus:&nbsp;Images of Disability. Literature, Scenic, Visual, and Virtual Arts \/ Im\u00e1genes de la diversidad funcional. Literatura, artes esc\u00e9nicas, visuales y virtuales&nbsp;untersucht kulturelle Repr\u00e4sentationen von Behinderung und die Art und Weise, wie sich deren Darstellung ver\u00e4ndert hat. Die von Prof. Susanne Hartwig (Universit\u00e4t Passau, [&hellip;]\" \/>\n<meta property=\"og:url\" content=\"https:\/\/www.peterlang.com\/peter-lang-launches-new-open-access-book-series\/\" \/>\n<meta property=\"og:site_name\" content=\"Peter Lang\" \/>\n<meta property=\"article:published_time\" content=\"2018-10-29T13:54:00+00:00\" \/>\n<meta property=\"article:modified_time\" content=\"2021-07-27T12:54:50+00:00\" \/>\n<meta name=\"author\" content=\"appeal.admin\" \/>\n<meta name=\"twitter:card\" content=\"summary_large_image\" \/>\n<meta name=\"twitter:label1\" content=\"Written by\" \/>\n\t<meta name=\"twitter:data1\" content=\"appeal.admin\" \/>\n\t<meta name=\"twitter:label2\" content=\"Est. reading time\" \/>\n\t<meta name=\"twitter:data2\" content=\"1 minute\" \/>\n<script type=\"application\/ld+json\" class=\"yoast-schema-graph\">{\"@context\":\"https:\/\/schema.org\",\"@graph\":[{\"@type\":\"WebPage\",\"@id\":\"https:\/\/www.peterlang.com\/peter-lang-launches-new-open-access-book-series\/\",\"url\":\"https:\/\/www.peterlang.com\/peter-lang-launches-new-open-access-book-series\/\",\"name\":\"Peter Lang startet neue Open-Access-Buchreihe - Peter Lang\",\"isPartOf\":{\"@id\":\"https:\/\/www.peterlang.com\/#website\"},\"datePublished\":\"2018-10-29T13:54:00+00:00\",\"dateModified\":\"2021-07-27T12:54:50+00:00\",\"author\":{\"@id\":\"https:\/\/www.peterlang.com\/#\/schema\/person\/5ce660f94a5e447e6458a80ead728317\"},\"breadcrumb\":{\"@id\":\"https:\/\/www.peterlang.com\/peter-lang-launches-new-open-access-book-series\/#breadcrumb\"},\"inLanguage\":\"de-DE\",\"potentialAction\":[{\"@type\":\"ReadAction\",\"target\":[\"https:\/\/www.peterlang.com\/peter-lang-launches-new-open-access-book-series\/\"]}]},{\"@type\":\"BreadcrumbList\",\"@id\":\"https:\/\/www.peterlang.com\/peter-lang-launches-new-open-access-book-series\/#breadcrumb\",\"itemListElement\":[{\"@type\":\"ListItem\",\"position\":1,\"name\":\"Home\",\"item\":\"https:\/\/www.peterlang.com\/de\/\"},{\"@type\":\"ListItem\",\"position\":2,\"name\":\"Peter Lang startet neue Open-Access-Buchreihe\"}]},{\"@type\":\"WebSite\",\"@id\":\"https:\/\/www.peterlang.com\/#website\",\"url\":\"https:\/\/www.peterlang.com\/\",\"name\":\"Peter Lang\",\"description\":\"Peter Lang specializes in the Humanities and Social Sciences, covering the complete publication spectrum from monographs to student textbooks.\",\"potentialAction\":[{\"@type\":\"SearchAction\",\"target\":{\"@type\":\"EntryPoint\",\"urlTemplate\":\"https:\/\/www.peterlang.com\/?s={search_term_string}\"},\"query-input\":{\"@type\":\"PropertyValueSpecification\",\"valueRequired\":true,\"valueName\":\"search_term_string\"}}],\"inLanguage\":\"de-DE\"},{\"@type\":\"Person\",\"@id\":\"https:\/\/www.peterlang.com\/#\/schema\/person\/5ce660f94a5e447e6458a80ead728317\",\"name\":\"appeal.admin\",\"image\":{\"@type\":\"ImageObject\",\"inLanguage\":\"de-DE\",\"@id\":\"https:\/\/www.peterlang.com\/#\/schema\/person\/image\/\",\"url\":\"https:\/\/secure.gravatar.com\/avatar\/c31f94eb4acd2e9587d35926c2247373c5f219007c055c7460b552bf75143477?s=96&d=mm&r=g\",\"contentUrl\":\"https:\/\/secure.gravatar.com\/avatar\/c31f94eb4acd2e9587d35926c2247373c5f219007c055c7460b552bf75143477?s=96&d=mm&r=g\",\"caption\":\"appeal.admin\"},\"sameAs\":[\"https:\/\/www.peterlang.com\/wp\"],\"url\":\"https:\/\/www.peterlang.com\/de\/author\/appeal-admin\/\"}]}<\/script>\n<!-- \/ Yoast SEO Premium plugin. -->","yoast_head_json":{"title":"Peter Lang startet neue Open-Access-Buchreihe - Peter Lang","robots":{"index":"index","follow":"follow","max-snippet":"max-snippet:-1","max-image-preview":"max-image-preview:large","max-video-preview":"max-video-preview:-1"},"canonical":"https:\/\/www.peterlang.com\/peter-lang-launches-new-open-access-book-series\/","og_locale":"de_DE","og_type":"article","og_title":"Peter Lang startet neue Open-Access-Buchreihe","og_description":"Die Verlagsgruppe Peter Lang baut ihr Open-Access-Programm mit einer neuen Buchreihe weiter aus:&nbsp;Images of Disability. Literature, Scenic, Visual, and Virtual Arts \/ Im\u00e1genes de la diversidad funcional. Literatura, artes esc\u00e9nicas, visuales y virtuales&nbsp;untersucht kulturelle Repr\u00e4sentationen von Behinderung und die Art und Weise, wie sich deren Darstellung ver\u00e4ndert hat. Die von Prof. Susanne Hartwig (Universit\u00e4t Passau, [&hellip;]","og_url":"https:\/\/www.peterlang.com\/peter-lang-launches-new-open-access-book-series\/","og_site_name":"Peter Lang","article_published_time":"2018-10-29T13:54:00+00:00","article_modified_time":"2021-07-27T12:54:50+00:00","author":"appeal.admin","twitter_card":"summary_large_image","twitter_misc":{"Written by":"appeal.admin","Est. reading time":"1 minute"},"schema":{"@context":"https:\/\/schema.org","@graph":[{"@type":"WebPage","@id":"https:\/\/www.peterlang.com\/peter-lang-launches-new-open-access-book-series\/","url":"https:\/\/www.peterlang.com\/peter-lang-launches-new-open-access-book-series\/","name":"Peter Lang startet neue Open-Access-Buchreihe - Peter Lang","isPartOf":{"@id":"https:\/\/www.peterlang.com\/#website"},"datePublished":"2018-10-29T13:54:00+00:00","dateModified":"2021-07-27T12:54:50+00:00","author":{"@id":"https:\/\/www.peterlang.com\/#\/schema\/person\/5ce660f94a5e447e6458a80ead728317"},"breadcrumb":{"@id":"https:\/\/www.peterlang.com\/peter-lang-launches-new-open-access-book-series\/#breadcrumb"},"inLanguage":"de-DE","potentialAction":[{"@type":"ReadAction","target":["https:\/\/www.peterlang.com\/peter-lang-launches-new-open-access-book-series\/"]}]},{"@type":"BreadcrumbList","@id":"https:\/\/www.peterlang.com\/peter-lang-launches-new-open-access-book-series\/#breadcrumb","itemListElement":[{"@type":"ListItem","position":1,"name":"Home","item":"https:\/\/www.peterlang.com\/de\/"},{"@type":"ListItem","position":2,"name":"Peter Lang startet neue Open-Access-Buchreihe"}]},{"@type":"WebSite","@id":"https:\/\/www.peterlang.com\/#website","url":"https:\/\/www.peterlang.com\/","name":"Peter Lang","description":"Peter Lang specializes in the Humanities and Social Sciences, covering the complete publication spectrum from monographs to student textbooks.","potentialAction":[{"@type":"SearchAction","target":{"@type":"EntryPoint","urlTemplate":"https:\/\/www.peterlang.com\/?s={search_term_string}"},"query-input":{"@type":"PropertyValueSpecification","valueRequired":true,"valueName":"search_term_string"}}],"inLanguage":"de-DE"},{"@type":"Person","@id":"https:\/\/www.peterlang.com\/#\/schema\/person\/5ce660f94a5e447e6458a80ead728317","name":"appeal.admin","image":{"@type":"ImageObject","inLanguage":"de-DE","@id":"https:\/\/www.peterlang.com\/#\/schema\/person\/image\/","url":"https:\/\/secure.gravatar.com\/avatar\/c31f94eb4acd2e9587d35926c2247373c5f219007c055c7460b552bf75143477?s=96&d=mm&r=g","contentUrl":"https:\/\/secure.gravatar.com\/avatar\/c31f94eb4acd2e9587d35926c2247373c5f219007c055c7460b552bf75143477?s=96&d=mm&r=g","caption":"appeal.admin"},"sameAs":["https:\/\/www.peterlang.com\/wp"],"url":"https:\/\/www.peterlang.com\/de\/author\/appeal-admin\/"}]}},"_links":{"self":[{"href":"https:\/\/www.peterlang.com\/de\/wp-json\/wp\/v2\/posts\/1230","targetHints":{"allow":["GET"]}}],"collection":[{"href":"https:\/\/www.peterlang.com\/de\/wp-json\/wp\/v2\/posts"}],"about":[{"href":"https:\/\/www.peterlang.com\/de\/wp-json\/wp\/v2\/types\/post"}],"author":[{"embeddable":true,"href":"https:\/\/www.peterlang.com\/de\/wp-json\/wp\/v2\/users\/1"}],"replies":[{"embeddable":true,"href":"https:\/\/www.peterlang.com\/de\/wp-json\/wp\/v2\/comments?post=1230"}],"version-history":[{"count":1,"href":"https:\/\/www.peterlang.com\/de\/wp-json\/wp\/v2\/posts\/1230\/revisions"}],"predecessor-version":[{"id":1231,"href":"https:\/\/www.peterlang.com\/de\/wp-json\/wp\/v2\/posts\/1230\/revisions\/1231"}],"wp:attachment":[{"href":"https:\/\/www.peterlang.com\/de\/wp-json\/wp\/v2\/media?parent=1230"}],"wp:term":[{"taxonomy":"category","embeddable":true,"href":"https:\/\/www.peterlang.com\/de\/wp-json\/wp\/v2\/category?post=1230"},{"taxonomy":"post_tag","embeddable":true,"href":"https:\/\/www.peterlang.com\/de\/wp-json\/wp\/v2\/tags?post=1230"},{"taxonomy":"topic","embeddable":true,"href":"https:\/\/www.peterlang.com\/de\/wp-json\/wp\/v2\/topic?post=1230"},{"taxonomy":"language","embeddable":true,"href":"https:\/\/www.peterlang.com\/de\/wp-json\/wp\/v2\/language?post=1230"}],"curies":[{"name":"wp","href":"https:\/\/api.w.org\/{rel}","templated":true}]}}