{"id":28640,"date":"2024-06-08T07:33:34","date_gmt":"2024-06-08T06:33:34","guid":{"rendered":"https:\/\/www.peterlang.com\/?post_type=article&#038;p=28640"},"modified":"2024-06-08T07:33:36","modified_gmt":"2024-06-08T06:33:36","slug":"neue-rezension-uber-werner-mittelstaedts-transformation-und-ambivalenz-steht-die-welt-vor-dem-kollaps-von-hans-holzinger-auf-klimabildungsalzburg-org","status":"publish","type":"article","link":"https:\/\/www.peterlang.com\/fr\/article\/neue-rezension-uber-werner-mittelstaedts-transformation-und-ambivalenz-steht-die-welt-vor-dem-kollaps-von-hans-holzinger-auf-klimabildungsalzburg-org\/","title":{"rendered":"Neue Rezension \u00fcber Werner Mittelstaedts \u201eTransformation und Ambivalenz. Steht die Welt vor dem Kollaps?\u201c von Hans Holzinger auf KlimabildungSalzburg.org"},"content":{"rendered":"\n<p><strong>In seiner Rezension auf KlimabildungSalzburg.org bespricht der Artikelautor Hans Holzinger Werner Mittelstaedts neuesten Titel \u201eTransformation und Ambivalenz. Steht die Welt vor dem Kollaps?&nbsp;Kurskorrektur oder Klimakatastrophe Mit einem Vorwort von Ernst Ulrich von Weizs\u00e4cker\u201c:<\/strong><\/p>\n\n\n\n<p><em>\u201eWerner Mittelstaedt z\u00e4hlt zu den Vertretern einer kritischen Zukunftsforschung in der Tradition von Robert Jungk. In seinem aktuellen Buch \u201eTransformation und Ambivalenz\u201c steht die Klimakrise im Fokus. Diese sieht er aktuell als gr\u00f6\u00dfte Gefahr f\u00fcr die Menschheit, wie der Untertitel des Bandes \u201eKurskorrektur oder Klimakatastrophe\u201c anzeigt. Mittelstaedt widmet sich zun\u00e4chst den beiden Begriffen des Buchtitels. Unter Transformationen seien die \u201evielen winzigen bis sehr gro\u00dfen Ver\u00e4nderungsschritte auf praktisch allen Ebenen menschlichen Handelns zu verstehen\u201c (S. 15). Ihre Realisierung impliziere einen fundamentalen gesellschaftlichen Wandel, der die Lebenswirklichkeiten der Menschen fast \u00fcberall auf der Erde umgestalten werde. Der Autor spricht von einem \u201eEpochenumbruch\u201c (S. 16), den nicht nur Politik, Wirtschaft, Wissenschaft und Technologie, sondern \u201em\u00f6glichst viele Menschen aus allen gesellschaftlichen Umfeldern\u201c (ebd.) zu gestalten h\u00e4tten.<\/em><\/p>\n\n\n\n<p><em>Was hat dies mit Ambivalenz zu tun? \u201eWir wollen etwas ver\u00e4ndern, aber scheuen uns, daf\u00fcr etwas zu tun oder zu unterlassen.\u201c (S. 18) Dies gelte, so Mittelstaedt, nicht nur f\u00fcr einzelne Menschen, sondern das Handeln ganzer L\u00e4nder oder Staatengemeinschaften, die die Ambivalenz der B\u00fcrger und B\u00fcrgerinnen widerspiegeln, wie etwa die bislang 27 Klimakonferenzen der Vereinten Nationen seit 1995 zeigen w\u00fcrden: \u201eSeitdem hat sich die Erw\u00e4rmung beschleunigt und die Sch\u00e4den in der Biosph\u00e4re und f\u00fcr die Menschen durch die Klimakrise werden Jahr f\u00fcr Jahr gr\u00f6\u00dfer, weil praktisch nichts erreicht wurde.\u201c (S. 19) Wir seien gefangen im Fortschrittsversprechen und der Wachstumsgl\u00e4ubigkeit: \u201eDurch das enorme Wirtschaftswachstum im noch jungen 21. Jahrhundert wurde das gesamte Erdsystem st\u00e4rker als jemals zuvor im Anthropoz\u00e4n belastet.\u201c (S. 50) Mittelstaedt spricht hier von einem \u201edrohenden Wachstumsdilemma\u201c (S. 73), denn das bestehende Wachstumsparadigma sei alles andere als nachhaltig, wenn das Wachstum aufgrund von zunehmenden Klimakatastrophen jedoch einbreche, drohten \u201esoziale Unruhen und politische Krisen nie gekannten Ausma\u00dfes\u201c (ebd.). Der Rechtsruck und die Proteste in Europa durch die Gas- und Energiekrise h\u00e4tten einen kleinen Vorgeschmack darauf geliefert. Eine Megakrise w\u00e4re auch unter dem Einsatz klugen Handelns und allergr\u00f6\u00dfter Disziplin der meisten Menschen nicht mehr zu lindern.<\/em><\/p>\n\n\n\n<p><em>Im Zentrum der globalen Transformation steht die Umstellung der Energieversorgung. Auch hier habe der Krieg Putins gegen die Ukraine die Krisenhaftigkeit unseres Energiesystems deutlich gemacht, so Mittelstaedt. Fl\u00fcssiggas (LNG) sei davor nur als Erg\u00e4nzung, etwa f\u00fcr LKW-Treibstoff, verwendet worden. Im Zuge der Gas-Krise sei dieses aber zum Ersatz f\u00fcr russisches Gas geworden \u2013 mit problematischen \u00f6kologischen Folgen: \u201eLNG aus den USA mit hohem Fracking-Anteil ist mehr als 6-mal und das aus Australien rund 7,5-mal klimasch\u00e4dlicher als Pipeline-Gas aus Norwegen.\u201c (S. 93)<\/em><\/p>\n\n\n\n<p><em>Mittelstaedt fordert ein neues \u201eAufstiegs-Narrativ\u201c (S. 134), das Klimaschutz in allen Bereichen und Berufen ins Zentrum stellt. Und er pl\u00e4diert f\u00fcr ein neues \u201eFortschritts-Narrativ\u201c (S. 135). Dieses m\u00fcsse vermitteln, dass gesellschaftlicher Fortschritt sich nur noch erzielen lasse, \u201ewenn Menschen ein neues Verst\u00e4ndnis im Umgang mit der Biosph\u00e4re und der Begrenztheit der Erde entwickeln und danach handeln\u201c (ebd.) Da kommt die \u201eneue Aufkl\u00e4rung\u201c von Ernst U. v. Weizs\u00e4cker ins Spiel, der ein Vorwort zum Buch verfasst hat.<\/em><\/p>\n\n\n\n<p><em>Einsch\u00e4tzung: Werner Mittelstaedt vermittelt die Dringlichkeit der Umsteuerung und zitiert zahlreiche Fakten, die diese untermauern. Seine Vorschl\u00e4ge zur Transformation sind pragmatisch und reformorientiert. Sie reichen vom Stopp der Fl\u00e4chenversiegelung \u00fcber den Ersatz von Kunststoffen durch biobasierte Ersatzstoffe bis hin zu Tempolimits auf Stra\u00dfen und auf den Weltmeeren sowie einer deutlichen Verteuerung des Flugverkehrs. Auch eine faire Verteilung des Wohlstands und die Begrenzung der Reichen mit ihrem gigantischen CO<\/em><em><sub>2<\/sub><\/em><em>-Fu\u00dfabdruck wird angesprochen. Heftig kritisiert werden die neuen Militarisierungsschritte, die \u00f6kologisch desastr\u00f6s seien und f\u00fcr die Transformation n\u00f6tige Ressourcen verschlingen. Der Autor setzt auf strukturelle Ver\u00e4nderungen und damit auf eine Z\u00e4hmung des Kapitalismus \u2013 die Systemfrage stellt das Buch so nicht. Deutlich wird, dass der Wandel auch unserer Denkmuster und kulturellen Bilder von Fortschritt notwendig ist, wie die 95 neuen Wertorientierungen und Handlungsmuster am Ende des Buches nochmals vor Augen f\u00fchren. Ein Buch, das einmal mehr die Dringlichkeit der Umsteuerung aufzeigt.\u201c<\/em><\/p>\n\n\n\n<p><strong>Der Artikel wurde am 01. M\u00e4rz 2024 von Hans Holzinger auf klimabildungsalzburg.org unter dem folgenden Link ver\u00f6ffentlicht&nbsp;<a href=\"https:\/\/klimabildungsalzburg.org\/2024\/03\/01\/werner-mittelstaedt-transformation-und-ambivalenz\/\" target=\"_blank\" rel=\"noreferrer noopener\"><strong>https:\/\/klimabildungsalzburg.org\/2024\/03\/01\/werner-mittelstaedt-transformation-und-ambivalenz\/<\/strong><\/a><\/strong><strong><\/strong><\/p>\n\n\n\n<p><strong>Mehr Informationen zu&nbsp;\u201eTransformation und Ambivalenz. Steht die Welt vor dem Kollaps?&nbsp;Kurskorrektur oder Klimakatastrophe Mit einem Vorwort von Ernst Ulrich von Weizs\u00e4cker\u201c von Werner Mittelstaedt erhalten Sie unter dem folgenden Link&nbsp;<a href=\"https:\/\/www.peterlang.com\/document\/1358981\" target=\"_blank\" rel=\"noreferrer noopener\">https:\/\/www.peterlang.com\/document\/1358981<\/a><\/strong><\/p>\n","protected":false},"featured_media":21047,"template":"","format":"standard","meta":{"_acf_changed":false,"content-type":"","footnotes":""},"category":[146],"topic":[174,184],"language":[191],"class_list":["post-28640","article","type-article","status-publish","format-standard","has-post-thumbnail","hentry","category-critiques","topic-science-fr","topic-societe-et-culture","language-allemand"],"acf":[],"yoast_head":"<!-- This site is optimized with the Yoast SEO Premium plugin v24.6 (Yoast SEO v24.9) - https:\/\/yoast.com\/wordpress\/plugins\/seo\/ -->\n<title>Neue Rezension \u00fcber Werner Mittelstaedts \u201eTransformation und Ambivalenz. Steht die Welt vor dem Kollaps?\u201c von Hans Holzinger auf KlimabildungSalzburg.org - Peter Lang<\/title>\n<meta name=\"robots\" content=\"index, follow, max-snippet:-1, max-image-preview:large, max-video-preview:-1\" \/>\n<link rel=\"canonical\" href=\"https:\/\/www.peterlang.com\/fr\/article\/neue-rezension-uber-werner-mittelstaedts-transformation-und-ambivalenz-steht-die-welt-vor-dem-kollaps-von-hans-holzinger-auf-klimabildungsalzburg-org\/\" \/>\n<meta property=\"og:locale\" content=\"fr_FR\" \/>\n<meta property=\"og:type\" content=\"article\" \/>\n<meta property=\"og:title\" content=\"Neue Rezension \u00fcber Werner Mittelstaedts \u201eTransformation und Ambivalenz. Steht die Welt vor dem Kollaps?\u201c von Hans Holzinger auf KlimabildungSalzburg.org\" \/>\n<meta property=\"og:description\" content=\"In seiner Rezension auf KlimabildungSalzburg.org bespricht der Artikelautor Hans Holzinger Werner Mittelstaedts neuesten Titel \u201eTransformation und Ambivalenz. Steht die Welt vor dem Kollaps?&nbsp;Kurskorrektur oder Klimakatastrophe Mit einem Vorwort von Ernst Ulrich von Weizs\u00e4cker\u201c: \u201eWerner Mittelstaedt z\u00e4hlt zu den Vertretern einer kritischen Zukunftsforschung in der Tradition von Robert Jungk. In seinem aktuellen Buch \u201eTransformation und Ambivalenz\u201c [&hellip;]\" \/>\n<meta property=\"og:url\" content=\"https:\/\/www.peterlang.com\/fr\/article\/neue-rezension-uber-werner-mittelstaedts-transformation-und-ambivalenz-steht-die-welt-vor-dem-kollaps-von-hans-holzinger-auf-klimabildungsalzburg-org\/\" \/>\n<meta property=\"og:site_name\" content=\"Peter Lang\" \/>\n<meta property=\"article:modified_time\" content=\"2024-06-08T06:33:36+00:00\" \/>\n<meta property=\"og:image\" content=\"https:\/\/www.peterlang.com\/app\/uploads\/2024\/03\/Mittelstaedt_Transformation_Abivalenz.png\" \/>\n\t<meta property=\"og:image:width\" content=\"568\" \/>\n\t<meta property=\"og:image:height\" content=\"360\" \/>\n\t<meta property=\"og:image:type\" content=\"image\/png\" \/>\n<meta name=\"twitter:card\" content=\"summary_large_image\" \/>\n<meta name=\"twitter:label1\" content=\"Est. reading time\" \/>\n\t<meta name=\"twitter:data1\" content=\"4 minutes\" \/>\n<script type=\"application\/ld+json\" class=\"yoast-schema-graph\">{\"@context\":\"https:\/\/schema.org\",\"@graph\":[{\"@type\":\"WebPage\",\"@id\":\"https:\/\/www.peterlang.com\/fr\/article\/neue-rezension-uber-werner-mittelstaedts-transformation-und-ambivalenz-steht-die-welt-vor-dem-kollaps-von-hans-holzinger-auf-klimabildungsalzburg-org\/\",\"url\":\"https:\/\/www.peterlang.com\/fr\/article\/neue-rezension-uber-werner-mittelstaedts-transformation-und-ambivalenz-steht-die-welt-vor-dem-kollaps-von-hans-holzinger-auf-klimabildungsalzburg-org\/\",\"name\":\"Neue Rezension \u00fcber Werner Mittelstaedts \u201eTransformation und Ambivalenz. Steht die Welt vor dem Kollaps?\u201c von Hans Holzinger auf KlimabildungSalzburg.org - Peter Lang\",\"isPartOf\":{\"@id\":\"https:\/\/www.peterlang.com\/#website\"},\"primaryImageOfPage\":{\"@id\":\"https:\/\/www.peterlang.com\/fr\/article\/neue-rezension-uber-werner-mittelstaedts-transformation-und-ambivalenz-steht-die-welt-vor-dem-kollaps-von-hans-holzinger-auf-klimabildungsalzburg-org\/#primaryimage\"},\"image\":{\"@id\":\"https:\/\/www.peterlang.com\/fr\/article\/neue-rezension-uber-werner-mittelstaedts-transformation-und-ambivalenz-steht-die-welt-vor-dem-kollaps-von-hans-holzinger-auf-klimabildungsalzburg-org\/#primaryimage\"},\"thumbnailUrl\":\"https:\/\/www.peterlang.com\/app\/uploads\/2024\/03\/Mittelstaedt_Transformation_Abivalenz.png\",\"datePublished\":\"2024-06-08T06:33:34+00:00\",\"dateModified\":\"2024-06-08T06:33:36+00:00\",\"breadcrumb\":{\"@id\":\"https:\/\/www.peterlang.com\/fr\/article\/neue-rezension-uber-werner-mittelstaedts-transformation-und-ambivalenz-steht-die-welt-vor-dem-kollaps-von-hans-holzinger-auf-klimabildungsalzburg-org\/#breadcrumb\"},\"inLanguage\":\"fr-FR\",\"potentialAction\":[{\"@type\":\"ReadAction\",\"target\":[\"https:\/\/www.peterlang.com\/fr\/article\/neue-rezension-uber-werner-mittelstaedts-transformation-und-ambivalenz-steht-die-welt-vor-dem-kollaps-von-hans-holzinger-auf-klimabildungsalzburg-org\/\"]}]},{\"@type\":\"ImageObject\",\"inLanguage\":\"fr-FR\",\"@id\":\"https:\/\/www.peterlang.com\/fr\/article\/neue-rezension-uber-werner-mittelstaedts-transformation-und-ambivalenz-steht-die-welt-vor-dem-kollaps-von-hans-holzinger-auf-klimabildungsalzburg-org\/#primaryimage\",\"url\":\"https:\/\/www.peterlang.com\/app\/uploads\/2024\/03\/Mittelstaedt_Transformation_Abivalenz.png\",\"contentUrl\":\"https:\/\/www.peterlang.com\/app\/uploads\/2024\/03\/Mittelstaedt_Transformation_Abivalenz.png\",\"width\":568,\"height\":360,\"caption\":\"Werner Mittelstaedt z\u00e4hlt zu den Vertretern einer kritischen Zukunftsforschung in der Tradition von Robert Jungk. In seinem aktuellen Buch \u201eTransformation und Ambivalenz\u201c steht die Klimakrise im Fokus.\"},{\"@type\":\"BreadcrumbList\",\"@id\":\"https:\/\/www.peterlang.com\/fr\/article\/neue-rezension-uber-werner-mittelstaedts-transformation-und-ambivalenz-steht-die-welt-vor-dem-kollaps-von-hans-holzinger-auf-klimabildungsalzburg-org\/#breadcrumb\",\"itemListElement\":[{\"@type\":\"ListItem\",\"position\":1,\"name\":\"Home\",\"item\":\"https:\/\/www.peterlang.com\/fr\/\"},{\"@type\":\"ListItem\",\"position\":2,\"name\":\"Articles\",\"item\":\"https:\/\/www.peterlang.com\/article\/\"},{\"@type\":\"ListItem\",\"position\":3,\"name\":\"Neue Rezension \u00fcber Werner Mittelstaedts \u201eTransformation und Ambivalenz. Steht die Welt vor dem Kollaps?\u201c von Hans Holzinger auf KlimabildungSalzburg.org\"}]},{\"@type\":\"WebSite\",\"@id\":\"https:\/\/www.peterlang.com\/#website\",\"url\":\"https:\/\/www.peterlang.com\/\",\"name\":\"Peter Lang\",\"description\":\"Peter Lang specializes in the Humanities and Social Sciences, covering the complete publication spectrum from monographs to student textbooks.\",\"potentialAction\":[{\"@type\":\"SearchAction\",\"target\":{\"@type\":\"EntryPoint\",\"urlTemplate\":\"https:\/\/www.peterlang.com\/?s={search_term_string}\"},\"query-input\":{\"@type\":\"PropertyValueSpecification\",\"valueRequired\":true,\"valueName\":\"search_term_string\"}}],\"inLanguage\":\"fr-FR\"}]}<\/script>\n<!-- \/ Yoast SEO Premium plugin. -->","yoast_head_json":{"title":"Neue Rezension \u00fcber Werner Mittelstaedts \u201eTransformation und Ambivalenz. Steht die Welt vor dem Kollaps?\u201c von Hans Holzinger auf KlimabildungSalzburg.org - Peter Lang","robots":{"index":"index","follow":"follow","max-snippet":"max-snippet:-1","max-image-preview":"max-image-preview:large","max-video-preview":"max-video-preview:-1"},"canonical":"https:\/\/www.peterlang.com\/fr\/article\/neue-rezension-uber-werner-mittelstaedts-transformation-und-ambivalenz-steht-die-welt-vor-dem-kollaps-von-hans-holzinger-auf-klimabildungsalzburg-org\/","og_locale":"fr_FR","og_type":"article","og_title":"Neue Rezension \u00fcber Werner Mittelstaedts \u201eTransformation und Ambivalenz. Steht die Welt vor dem Kollaps?\u201c von Hans Holzinger auf KlimabildungSalzburg.org","og_description":"In seiner Rezension auf KlimabildungSalzburg.org bespricht der Artikelautor Hans Holzinger Werner Mittelstaedts neuesten Titel \u201eTransformation und Ambivalenz. Steht die Welt vor dem Kollaps?&nbsp;Kurskorrektur oder Klimakatastrophe Mit einem Vorwort von Ernst Ulrich von Weizs\u00e4cker\u201c: \u201eWerner Mittelstaedt z\u00e4hlt zu den Vertretern einer kritischen Zukunftsforschung in der Tradition von Robert Jungk. In seinem aktuellen Buch \u201eTransformation und Ambivalenz\u201c [&hellip;]","og_url":"https:\/\/www.peterlang.com\/fr\/article\/neue-rezension-uber-werner-mittelstaedts-transformation-und-ambivalenz-steht-die-welt-vor-dem-kollaps-von-hans-holzinger-auf-klimabildungsalzburg-org\/","og_site_name":"Peter Lang","article_modified_time":"2024-06-08T06:33:36+00:00","og_image":[{"width":568,"height":360,"url":"https:\/\/www.peterlang.com\/app\/uploads\/2024\/03\/Mittelstaedt_Transformation_Abivalenz.png","type":"image\/png"}],"twitter_card":"summary_large_image","twitter_misc":{"Est. reading time":"4 minutes"},"schema":{"@context":"https:\/\/schema.org","@graph":[{"@type":"WebPage","@id":"https:\/\/www.peterlang.com\/fr\/article\/neue-rezension-uber-werner-mittelstaedts-transformation-und-ambivalenz-steht-die-welt-vor-dem-kollaps-von-hans-holzinger-auf-klimabildungsalzburg-org\/","url":"https:\/\/www.peterlang.com\/fr\/article\/neue-rezension-uber-werner-mittelstaedts-transformation-und-ambivalenz-steht-die-welt-vor-dem-kollaps-von-hans-holzinger-auf-klimabildungsalzburg-org\/","name":"Neue Rezension \u00fcber Werner Mittelstaedts \u201eTransformation und Ambivalenz. Steht die Welt vor dem Kollaps?\u201c von Hans Holzinger auf KlimabildungSalzburg.org - Peter Lang","isPartOf":{"@id":"https:\/\/www.peterlang.com\/#website"},"primaryImageOfPage":{"@id":"https:\/\/www.peterlang.com\/fr\/article\/neue-rezension-uber-werner-mittelstaedts-transformation-und-ambivalenz-steht-die-welt-vor-dem-kollaps-von-hans-holzinger-auf-klimabildungsalzburg-org\/#primaryimage"},"image":{"@id":"https:\/\/www.peterlang.com\/fr\/article\/neue-rezension-uber-werner-mittelstaedts-transformation-und-ambivalenz-steht-die-welt-vor-dem-kollaps-von-hans-holzinger-auf-klimabildungsalzburg-org\/#primaryimage"},"thumbnailUrl":"https:\/\/www.peterlang.com\/app\/uploads\/2024\/03\/Mittelstaedt_Transformation_Abivalenz.png","datePublished":"2024-06-08T06:33:34+00:00","dateModified":"2024-06-08T06:33:36+00:00","breadcrumb":{"@id":"https:\/\/www.peterlang.com\/fr\/article\/neue-rezension-uber-werner-mittelstaedts-transformation-und-ambivalenz-steht-die-welt-vor-dem-kollaps-von-hans-holzinger-auf-klimabildungsalzburg-org\/#breadcrumb"},"inLanguage":"fr-FR","potentialAction":[{"@type":"ReadAction","target":["https:\/\/www.peterlang.com\/fr\/article\/neue-rezension-uber-werner-mittelstaedts-transformation-und-ambivalenz-steht-die-welt-vor-dem-kollaps-von-hans-holzinger-auf-klimabildungsalzburg-org\/"]}]},{"@type":"ImageObject","inLanguage":"fr-FR","@id":"https:\/\/www.peterlang.com\/fr\/article\/neue-rezension-uber-werner-mittelstaedts-transformation-und-ambivalenz-steht-die-welt-vor-dem-kollaps-von-hans-holzinger-auf-klimabildungsalzburg-org\/#primaryimage","url":"https:\/\/www.peterlang.com\/app\/uploads\/2024\/03\/Mittelstaedt_Transformation_Abivalenz.png","contentUrl":"https:\/\/www.peterlang.com\/app\/uploads\/2024\/03\/Mittelstaedt_Transformation_Abivalenz.png","width":568,"height":360,"caption":"Werner Mittelstaedt z\u00e4hlt zu den Vertretern einer kritischen Zukunftsforschung in der Tradition von Robert Jungk. In seinem aktuellen Buch \u201eTransformation und Ambivalenz\u201c steht die Klimakrise im Fokus."},{"@type":"BreadcrumbList","@id":"https:\/\/www.peterlang.com\/fr\/article\/neue-rezension-uber-werner-mittelstaedts-transformation-und-ambivalenz-steht-die-welt-vor-dem-kollaps-von-hans-holzinger-auf-klimabildungsalzburg-org\/#breadcrumb","itemListElement":[{"@type":"ListItem","position":1,"name":"Home","item":"https:\/\/www.peterlang.com\/fr\/"},{"@type":"ListItem","position":2,"name":"Articles","item":"https:\/\/www.peterlang.com\/article\/"},{"@type":"ListItem","position":3,"name":"Neue Rezension \u00fcber Werner Mittelstaedts \u201eTransformation und Ambivalenz. Steht die Welt vor dem Kollaps?\u201c von Hans Holzinger auf KlimabildungSalzburg.org"}]},{"@type":"WebSite","@id":"https:\/\/www.peterlang.com\/#website","url":"https:\/\/www.peterlang.com\/","name":"Peter Lang","description":"Peter Lang specializes in the Humanities and Social Sciences, covering the complete publication spectrum from monographs to student textbooks.","potentialAction":[{"@type":"SearchAction","target":{"@type":"EntryPoint","urlTemplate":"https:\/\/www.peterlang.com\/?s={search_term_string}"},"query-input":{"@type":"PropertyValueSpecification","valueRequired":true,"valueName":"search_term_string"}}],"inLanguage":"fr-FR"}]}},"_links":{"self":[{"href":"https:\/\/www.peterlang.com\/fr\/wp-json\/wp\/v2\/article\/28640","targetHints":{"allow":["GET"]}}],"collection":[{"href":"https:\/\/www.peterlang.com\/fr\/wp-json\/wp\/v2\/article"}],"about":[{"href":"https:\/\/www.peterlang.com\/fr\/wp-json\/wp\/v2\/types\/article"}],"version-history":[{"count":1,"href":"https:\/\/www.peterlang.com\/fr\/wp-json\/wp\/v2\/article\/28640\/revisions"}],"predecessor-version":[{"id":28641,"href":"https:\/\/www.peterlang.com\/fr\/wp-json\/wp\/v2\/article\/28640\/revisions\/28641"}],"wp:featuredmedia":[{"embeddable":true,"href":"https:\/\/www.peterlang.com\/fr\/wp-json\/wp\/v2\/media\/21047"}],"wp:attachment":[{"href":"https:\/\/www.peterlang.com\/fr\/wp-json\/wp\/v2\/media?parent=28640"}],"wp:term":[{"taxonomy":"category","embeddable":true,"href":"https:\/\/www.peterlang.com\/fr\/wp-json\/wp\/v2\/category?post=28640"},{"taxonomy":"topic","embeddable":true,"href":"https:\/\/www.peterlang.com\/fr\/wp-json\/wp\/v2\/topic?post=28640"},{"taxonomy":"language","embeddable":true,"href":"https:\/\/www.peterlang.com\/fr\/wp-json\/wp\/v2\/language?post=28640"}],"curies":[{"name":"wp","href":"https:\/\/api.w.org\/{rel}","templated":true}]}}